{"id":269,"date":"2023-12-04T13:06:44","date_gmt":"2023-12-04T12:06:44","guid":{"rendered":"https:\/\/acbenetusser.com\/rutatapabenetusser\/?p=269"},"modified":"2023-12-06T07:23:27","modified_gmt":"2023-12-06T06:23:27","slug":"les-tapes-mes-populars-de-benetusser","status":"publish","type":"post","link":"https:\/\/acbenetusser.com\/rutatapabenetusser\/les-tapes-mes-populars-de-benetusser\/","title":{"rendered":"Les Tapes M\u00e9s Populars de Benet\u00fasser"},"content":{"rendered":"\n<p class=\"has-drop-cap\">El dilluns passat, 27 de novembre es van recomptar els vots a la Tapa M\u00e9s Popular d&#8217;entre totes les participants en La Ruta de La Tapa de Benet\u00fasser, en la seua 8a Edici\u00f3.<\/p>\n\n\n\n<p>Les tres tapes que m\u00e9s vots van obtindre van ser:<\/p>\n\n\n\n<h2 class=\"wp-block-heading\">Guanyadora<\/h2>\n\n\n\n<ul class=\"wp-block-list\">\n<li><a href=\"https:\/\/acbenetusser.com\/rutatapabenetusser\/restaurant-nou-favara\/\">1r Premi: La <\/a><a href=\"https:\/\/acbenetusser.com\/rutatapabenetusser\/restaurant-nou-favara\/\" target=\"_blank\" rel=\"noreferrer noopener\">Cresta<\/a><\/li>\n<\/ul>\n\n\n\n<h2 class=\"wp-block-heading\">Finalistes<\/h2>\n\n\n\n<ul class=\"wp-block-list\">\n<li><a href=\"https:\/\/acbenetusser.com\/rutatapabenetusser\/bar-brazatortas\/\" target=\"_blank\" rel=\"noreferrer noopener\">2n Premi: &#8220;Alma de Chocolate&#8221;<\/a><\/li>\n\n\n\n<li><a href=\"https:\/\/acbenetusser.com\/rutatapabenetusser\/la-bodeguita-de-pipo\/\" target=\"_blank\" rel=\"noreferrer noopener\">3r Premi: &#8220;Patatas a la revolcona con picadillo de \u00c1vila&#8221;<\/a><\/li>\n<\/ul>\n","protected":false},"excerpt":{"rendered":"<div class=\"mh-excerpt\"><p>Resultat de la votaci\u00f3 a La Millor Tapa de Benet\u00fasser<\/p>\n<\/div>","protected":false},"author":1,"featured_media":81,"comment_status":"closed","ping_status":"closed","sticky":false,"template":"","format":"standard","meta":{"footnotes":""},"categories":[143],"tags":[152,180,16],"class_list":["post-269","post","type-post","status-publish","format-standard","has-post-thumbnail","hentry","category-premis","tag-premi","tag-ruta-de-la-tapa","tag-tapes"],"yoast_head":"<!-- This site is optimized with the Yoast SEO plugin v25.1 - https:\/\/yoast.com\/wordpress\/plugins\/seo\/ -->\n<title>Les Tapes M\u00e9s Populars de Benet\u00fasser - Ruta de la Tapa de Benet\u00fasser<\/title>\n<meta name=\"description\" content=\"Resultat de la votaci\u00f3 a La Tapa M\u00e9s Popular de Benet\u00fasser\" \/>\n<meta name=\"robots\" content=\"index, follow, max-snippet:-1, max-image-preview:large, max-video-preview:-1\" \/>\n<link rel=\"canonical\" href=\"https:\/\/acbenetusser.com\/rutatapabenetusser\/les-tapes-mes-populars-de-benetusser\/\" \/>\n<meta property=\"og:locale\" content=\"ca_ES\" \/>\n<meta property=\"og:type\" content=\"article\" \/>\n<meta property=\"og:title\" content=\"Les Tapes M\u00e9s Populars de Benet\u00fasser - Ruta de la Tapa de Benet\u00fasser\" \/>\n<meta property=\"og:description\" content=\"Resultat de la votaci\u00f3 a La Tapa M\u00e9s Popular de Benet\u00fasser\" \/>\n<meta property=\"og:url\" content=\"https:\/\/acbenetusser.com\/rutatapabenetusser\/les-tapes-mes-populars-de-benetusser\/\" \/>\n<meta property=\"og:site_name\" content=\"Ruta de la Tapa de Benet\u00fasser\" \/>\n<meta property=\"article:published_time\" content=\"2023-12-04T12:06:44+00:00\" \/>\n<meta property=\"article:modified_time\" content=\"2023-12-06T06:23:27+00:00\" \/>\n<meta property=\"og:image\" content=\"https:\/\/acbenetusser.com\/rutatapabenetusser\/wp-content\/uploads\/sites\/3\/2023\/11\/Tapa_Restaurant_Nou_Favara_1030x438.jpg\" \/>\n\t<meta property=\"og:image:width\" content=\"1030\" \/>\n\t<meta property=\"og:image:height\" content=\"438\" \/>\n\t<meta property=\"og:image:type\" content=\"image\/jpeg\" \/>\n<meta name=\"author\" content=\"admin\" \/>\n<meta name=\"twitter:card\" content=\"summary_large_image\" \/>\n<meta name=\"twitter:label1\" content=\"Escrit per\" \/>\n\t<meta name=\"twitter:data1\" content=\"admin\" \/>\n\t<meta name=\"twitter:label2\" content=\"Temps estimat de lectura\" \/>\n\t<meta name=\"twitter:data2\" content=\"1 minut\" \/>\n<script type=\"application\/ld+json\" class=\"yoast-schema-graph\">{\"@context\":\"https:\/\/schema.org\",\"@graph\":[{\"@type\":\"WebPage\",\"@id\":\"https:\/\/acbenetusser.com\/rutatapabenetusser\/les-tapes-mes-populars-de-benetusser\/\",\"url\":\"https:\/\/acbenetusser.com\/rutatapabenetusser\/les-tapes-mes-populars-de-benetusser\/\",\"name\":\"Les Tapes M\u00e9s Populars de Benet\u00fasser - Ruta de la Tapa de Benet\u00fasser\",\"isPartOf\":{\"@id\":\"https:\/\/acbenetusser.com\/rutatapabenetusser\/#website\"},\"primaryImageOfPage\":{\"@id\":\"https:\/\/acbenetusser.com\/rutatapabenetusser\/les-tapes-mes-populars-de-benetusser\/#primaryimage\"},\"image\":{\"@id\":\"https:\/\/acbenetusser.com\/rutatapabenetusser\/les-tapes-mes-populars-de-benetusser\/#primaryimage\"},\"thumbnailUrl\":\"https:\/\/acbenetusser.com\/rutatapabenetusser\/wp-content\/uploads\/sites\/3\/2023\/11\/Tapa_Restaurant_Nou_Favara_1030x438.jpg\",\"datePublished\":\"2023-12-04T12:06:44+00:00\",\"dateModified\":\"2023-12-06T06:23:27+00:00\",\"author\":{\"@id\":\"https:\/\/acbenetusser.com\/rutatapabenetusser\/#\/schema\/person\/d1fa7dae66c90e8b9184255684fcf888\"},\"description\":\"Resultat de la votaci\u00f3 a La Tapa M\u00e9s Popular de Benet\u00fasser\",\"breadcrumb\":{\"@id\":\"https:\/\/acbenetusser.com\/rutatapabenetusser\/les-tapes-mes-populars-de-benetusser\/#breadcrumb\"},\"inLanguage\":\"ca\",\"potentialAction\":[{\"@type\":\"ReadAction\",\"target\":[\"https:\/\/acbenetusser.com\/rutatapabenetusser\/les-tapes-mes-populars-de-benetusser\/\"]}]},{\"@type\":\"ImageObject\",\"inLanguage\":\"ca\",\"@id\":\"https:\/\/acbenetusser.com\/rutatapabenetusser\/les-tapes-mes-populars-de-benetusser\/#primaryimage\",\"url\":\"https:\/\/acbenetusser.com\/rutatapabenetusser\/wp-content\/uploads\/sites\/3\/2023\/11\/Tapa_Restaurant_Nou_Favara_1030x438.jpg\",\"contentUrl\":\"https:\/\/acbenetusser.com\/rutatapabenetusser\/wp-content\/uploads\/sites\/3\/2023\/11\/Tapa_Restaurant_Nou_Favara_1030x438.jpg\",\"width\":1030,\"height\":438,\"caption\":\"Tapa del Resturant Nou Favara: La Cresta\"},{\"@type\":\"BreadcrumbList\",\"@id\":\"https:\/\/acbenetusser.com\/rutatapabenetusser\/les-tapes-mes-populars-de-benetusser\/#breadcrumb\",\"itemListElement\":[{\"@type\":\"ListItem\",\"position\":1,\"name\":\"Inici\",\"item\":\"https:\/\/acbenetusser.com\/rutatapabenetusser\/\"},{\"@type\":\"ListItem\",\"position\":2,\"name\":\"Les Tapes M\u00e9s Populars de Benet\u00fasser\"}]},{\"@type\":\"WebSite\",\"@id\":\"https:\/\/acbenetusser.com\/rutatapabenetusser\/#website\",\"url\":\"https:\/\/acbenetusser.com\/rutatapabenetusser\/\",\"name\":\"Ruta de la Tapa de Benet\u00fasser\",\"description\":\"9\u00aa Edici\u00f3: 2024. Des del 20 fins al 24 de novembre\",\"potentialAction\":[{\"@type\":\"SearchAction\",\"target\":{\"@type\":\"EntryPoint\",\"urlTemplate\":\"https:\/\/acbenetusser.com\/rutatapabenetusser\/?s={search_term_string}\"},\"query-input\":{\"@type\":\"PropertyValueSpecification\",\"valueRequired\":true,\"valueName\":\"search_term_string\"}}],\"inLanguage\":\"ca\"},{\"@type\":\"Person\",\"@id\":\"https:\/\/acbenetusser.com\/rutatapabenetusser\/#\/schema\/person\/d1fa7dae66c90e8b9184255684fcf888\",\"name\":\"admin\",\"image\":{\"@type\":\"ImageObject\",\"inLanguage\":\"ca\",\"@id\":\"https:\/\/acbenetusser.com\/rutatapabenetusser\/#\/schema\/person\/image\/\",\"url\":\"https:\/\/secure.gravatar.com\/avatar\/79081dffb19fe1f58d231053703e903890e584fd10217324f5b0a0fe9eee0994?s=96&d=mm&r=g\",\"contentUrl\":\"https:\/\/secure.gravatar.com\/avatar\/79081dffb19fe1f58d231053703e903890e584fd10217324f5b0a0fe9eee0994?s=96&d=mm&r=g\",\"caption\":\"admin\"},\"sameAs\":[\"https:\/\/acbenetusser.com\"],\"url\":\"https:\/\/acbenetusser.com\/rutatapabenetusser\/author\/benetusserchip_2021\/\"}]}<\/script>\n<!-- \/ Yoast SEO plugin. -->","yoast_head_json":{"title":"Les Tapes M\u00e9s Populars de Benet\u00fasser - Ruta de la Tapa de Benet\u00fasser","description":"Resultat de la votaci\u00f3 a La Tapa M\u00e9s Popular de Benet\u00fasser","robots":{"index":"index","follow":"follow","max-snippet":"max-snippet:-1","max-image-preview":"max-image-preview:large","max-video-preview":"max-video-preview:-1"},"canonical":"https:\/\/acbenetusser.com\/rutatapabenetusser\/les-tapes-mes-populars-de-benetusser\/","og_locale":"ca_ES","og_type":"article","og_title":"Les Tapes M\u00e9s Populars de Benet\u00fasser - Ruta de la Tapa de Benet\u00fasser","og_description":"Resultat de la votaci\u00f3 a La Tapa M\u00e9s Popular de Benet\u00fasser","og_url":"https:\/\/acbenetusser.com\/rutatapabenetusser\/les-tapes-mes-populars-de-benetusser\/","og_site_name":"Ruta de la Tapa de Benet\u00fasser","article_published_time":"2023-12-04T12:06:44+00:00","article_modified_time":"2023-12-06T06:23:27+00:00","og_image":[{"width":1030,"height":438,"url":"https:\/\/acbenetusser.com\/rutatapabenetusser\/wp-content\/uploads\/sites\/3\/2023\/11\/Tapa_Restaurant_Nou_Favara_1030x438.jpg","type":"image\/jpeg"}],"author":"admin","twitter_card":"summary_large_image","twitter_misc":{"Escrit per":"admin","Temps estimat de lectura":"1 minut"},"schema":{"@context":"https:\/\/schema.org","@graph":[{"@type":"WebPage","@id":"https:\/\/acbenetusser.com\/rutatapabenetusser\/les-tapes-mes-populars-de-benetusser\/","url":"https:\/\/acbenetusser.com\/rutatapabenetusser\/les-tapes-mes-populars-de-benetusser\/","name":"Les Tapes M\u00e9s Populars de Benet\u00fasser - Ruta de la Tapa de Benet\u00fasser","isPartOf":{"@id":"https:\/\/acbenetusser.com\/rutatapabenetusser\/#website"},"primaryImageOfPage":{"@id":"https:\/\/acbenetusser.com\/rutatapabenetusser\/les-tapes-mes-populars-de-benetusser\/#primaryimage"},"image":{"@id":"https:\/\/acbenetusser.com\/rutatapabenetusser\/les-tapes-mes-populars-de-benetusser\/#primaryimage"},"thumbnailUrl":"https:\/\/acbenetusser.com\/rutatapabenetusser\/wp-content\/uploads\/sites\/3\/2023\/11\/Tapa_Restaurant_Nou_Favara_1030x438.jpg","datePublished":"2023-12-04T12:06:44+00:00","dateModified":"2023-12-06T06:23:27+00:00","author":{"@id":"https:\/\/acbenetusser.com\/rutatapabenetusser\/#\/schema\/person\/d1fa7dae66c90e8b9184255684fcf888"},"description":"Resultat de la votaci\u00f3 a La Tapa M\u00e9s Popular de Benet\u00fasser","breadcrumb":{"@id":"https:\/\/acbenetusser.com\/rutatapabenetusser\/les-tapes-mes-populars-de-benetusser\/#breadcrumb"},"inLanguage":"ca","potentialAction":[{"@type":"ReadAction","target":["https:\/\/acbenetusser.com\/rutatapabenetusser\/les-tapes-mes-populars-de-benetusser\/"]}]},{"@type":"ImageObject","inLanguage":"ca","@id":"https:\/\/acbenetusser.com\/rutatapabenetusser\/les-tapes-mes-populars-de-benetusser\/#primaryimage","url":"https:\/\/acbenetusser.com\/rutatapabenetusser\/wp-content\/uploads\/sites\/3\/2023\/11\/Tapa_Restaurant_Nou_Favara_1030x438.jpg","contentUrl":"https:\/\/acbenetusser.com\/rutatapabenetusser\/wp-content\/uploads\/sites\/3\/2023\/11\/Tapa_Restaurant_Nou_Favara_1030x438.jpg","width":1030,"height":438,"caption":"Tapa del Resturant Nou Favara: La Cresta"},{"@type":"BreadcrumbList","@id":"https:\/\/acbenetusser.com\/rutatapabenetusser\/les-tapes-mes-populars-de-benetusser\/#breadcrumb","itemListElement":[{"@type":"ListItem","position":1,"name":"Inici","item":"https:\/\/acbenetusser.com\/rutatapabenetusser\/"},{"@type":"ListItem","position":2,"name":"Les Tapes M\u00e9s Populars de Benet\u00fasser"}]},{"@type":"WebSite","@id":"https:\/\/acbenetusser.com\/rutatapabenetusser\/#website","url":"https:\/\/acbenetusser.com\/rutatapabenetusser\/","name":"Ruta de la Tapa de Benet\u00fasser","description":"9\u00aa Edici\u00f3: 2024. Des del 20 fins al 24 de novembre","potentialAction":[{"@type":"SearchAction","target":{"@type":"EntryPoint","urlTemplate":"https:\/\/acbenetusser.com\/rutatapabenetusser\/?s={search_term_string}"},"query-input":{"@type":"PropertyValueSpecification","valueRequired":true,"valueName":"search_term_string"}}],"inLanguage":"ca"},{"@type":"Person","@id":"https:\/\/acbenetusser.com\/rutatapabenetusser\/#\/schema\/person\/d1fa7dae66c90e8b9184255684fcf888","name":"admin","image":{"@type":"ImageObject","inLanguage":"ca","@id":"https:\/\/acbenetusser.com\/rutatapabenetusser\/#\/schema\/person\/image\/","url":"https:\/\/secure.gravatar.com\/avatar\/79081dffb19fe1f58d231053703e903890e584fd10217324f5b0a0fe9eee0994?s=96&d=mm&r=g","contentUrl":"https:\/\/secure.gravatar.com\/avatar\/79081dffb19fe1f58d231053703e903890e584fd10217324f5b0a0fe9eee0994?s=96&d=mm&r=g","caption":"admin"},"sameAs":["https:\/\/acbenetusser.com"],"url":"https:\/\/acbenetusser.com\/rutatapabenetusser\/author\/benetusserchip_2021\/"}]}},"_links":{"self":[{"href":"https:\/\/acbenetusser.com\/rutatapabenetusser\/wp-json\/wp\/v2\/posts\/269","targetHints":{"allow":["GET"]}}],"collection":[{"href":"https:\/\/acbenetusser.com\/rutatapabenetusser\/wp-json\/wp\/v2\/posts"}],"about":[{"href":"https:\/\/acbenetusser.com\/rutatapabenetusser\/wp-json\/wp\/v2\/types\/post"}],"author":[{"embeddable":true,"href":"https:\/\/acbenetusser.com\/rutatapabenetusser\/wp-json\/wp\/v2\/users\/1"}],"replies":[{"embeddable":true,"href":"https:\/\/acbenetusser.com\/rutatapabenetusser\/wp-json\/wp\/v2\/comments?post=269"}],"version-history":[{"count":3,"href":"https:\/\/acbenetusser.com\/rutatapabenetusser\/wp-json\/wp\/v2\/posts\/269\/revisions"}],"predecessor-version":[{"id":275,"href":"https:\/\/acbenetusser.com\/rutatapabenetusser\/wp-json\/wp\/v2\/posts\/269\/revisions\/275"}],"wp:featuredmedia":[{"embeddable":true,"href":"https:\/\/acbenetusser.com\/rutatapabenetusser\/wp-json\/wp\/v2\/media\/81"}],"wp:attachment":[{"href":"https:\/\/acbenetusser.com\/rutatapabenetusser\/wp-json\/wp\/v2\/media?parent=269"}],"wp:term":[{"taxonomy":"category","embeddable":true,"href":"https:\/\/acbenetusser.com\/rutatapabenetusser\/wp-json\/wp\/v2\/categories?post=269"},{"taxonomy":"post_tag","embeddable":true,"href":"https:\/\/acbenetusser.com\/rutatapabenetusser\/wp-json\/wp\/v2\/tags?post=269"}],"curies":[{"name":"wp","href":"https:\/\/api.w.org\/{rel}","templated":true}]}}