{"id":292,"date":"2023-12-05T07:06:53","date_gmt":"2023-12-05T06:06:53","guid":{"rendered":"https:\/\/acbenetusser.com\/rutatapabenetusser\/?p=292"},"modified":"2023-12-05T07:35:55","modified_gmt":"2023-12-05T06:35:55","slug":"entrega-de-la-donacion-de-la-tapa-solidaria","status":"publish","type":"post","link":"https:\/\/acbenetusser.com\/rutatapabenetusser\/es\/entrega-de-la-donacion-de-la-tapa-solidaria\/","title":{"rendered":"Entrega de la donaci\u00f3n de la Tapa Solidaria"},"content":{"rendered":"\n<p class=\"has-drop-cap\">La Associaci\u00f3 de Comer\u00e7 i Hostaleria de Benet\u00fasser hiz\u00f3 entrega el pasado dos de diciembre de 2023, durante la Gala Solidaria a favor de Incluversa, de lo recogido en favor de esta asociaci\u00f3n en la 8\u00aa Ruta de la Tapa de Benet\u00fasser. Se recogieron en los establecimientos participantes un total de 370\u20ac procedente de la aportaci\u00f3n realizada por los clientes. A su vez los establecimientos participantes donaron 130 \u20ac.<\/p>\n\n\n\n<p>En total 500 euros que entreg\u00f3 a los representantes de la asociaci\u00f3n Incluversa el Presidente de la Associaci\u00f3 de Comer\u00e7 i Hostaleria de Benet\u00fasser, Christian G\u00f3mez. En el acto de entrega estuvieron tambi\u00e9n presentes miembros de las Directivas de ambas asociaciones. <\/p>\n\n\n\n<figure class=\"wp-block-image size-full\"><img decoding=\"async\" width=\"766\" height=\"524\" data-src=\"https:\/\/acbenetusser.com\/rutatapabenetusser\/wp-content\/uploads\/sites\/3\/2023\/12\/Ruta-de-la-Tapa-Donacion-Incluversa_766x524.jpeg\" alt=\"Acto de donaci\u00f3n del diner recaudado por la Tapa Solid\u00e0ria a Incluversa\" class=\"wp-image-293 lazyload\" data-srcset=\"https:\/\/acbenetusser.com\/rutatapabenetusser\/wp-content\/uploads\/sites\/3\/2023\/12\/Ruta-de-la-Tapa-Donacion-Incluversa_766x524.jpeg 766w, https:\/\/acbenetusser.com\/rutatapabenetusser\/wp-content\/uploads\/sites\/3\/2023\/12\/Ruta-de-la-Tapa-Donacion-Incluversa_766x524-300x205.jpeg 300w\" data-sizes=\"(max-width: 766px) 100vw, 766px\" src=\"data:image\/gif;base64,R0lGODlhAQABAAAAACH5BAEKAAEALAAAAAABAAEAAAICTAEAOw==\" style=\"--smush-placeholder-width: 766px; --smush-placeholder-aspect-ratio: 766\/524;\" \/><figcaption class=\"wp-element-caption\">Acto de donaci\u00f3n del diner recaudado por la Tapa Solid\u00e0ria a Incluversa<\/figcaption><\/figure>\n","protected":false},"excerpt":{"rendered":"<div class=\"mh-excerpt\"><p>El pasado 2 de diciembre la Associaci\u00f3 de Comer\u00e7 i Hostaleria hizo entrega del dinero recogido por la Tapa Solidaria de la 8\u00aa Ruta de la Tapa de Benet\u00fasser a la Asociaci\u00f3n local Incluversa.<\/p>\n<\/div>","protected":false},"author":1,"featured_media":293,"comment_status":"closed","ping_status":"open","sticky":false,"template":"","format":"standard","meta":{"footnotes":""},"categories":[158],"tags":[162,160,164],"class_list":["post-292","post","type-post","status-publish","format-standard","has-post-thumbnail","hentry","category-donaciones","tag-donaciones","tag-incluversa","tag-tapa-solidaria"],"yoast_head":"<!-- This site is optimized with the Yoast SEO plugin v25.1 - https:\/\/yoast.com\/wordpress\/plugins\/seo\/ -->\n<title>Entrega de la donaci\u00f3n de la Tapa Solidaria - Ruta de la Tapa de Benet\u00fasser<\/title>\n<meta name=\"description\" content=\"Entrega del dinero recogido por la Tapa Solidaria a Incluversa\" \/>\n<meta name=\"robots\" content=\"index, follow, max-snippet:-1, max-image-preview:large, max-video-preview:-1\" \/>\n<link rel=\"canonical\" href=\"https:\/\/acbenetusser.com\/rutatapabenetusser\/es\/entrega-de-la-donacion-de-la-tapa-solidaria\/\" \/>\n<meta property=\"og:locale\" content=\"ca_ES\" \/>\n<meta property=\"og:type\" content=\"article\" \/>\n<meta property=\"og:title\" content=\"Entrega de la donaci\u00f3n de la Tapa Solidaria - Ruta de la Tapa de Benet\u00fasser\" \/>\n<meta property=\"og:description\" content=\"Entrega del dinero recogido por la Tapa Solidaria a Incluversa\" \/>\n<meta property=\"og:url\" content=\"https:\/\/acbenetusser.com\/rutatapabenetusser\/es\/entrega-de-la-donacion-de-la-tapa-solidaria\/\" \/>\n<meta property=\"og:site_name\" content=\"Ruta de la Tapa de Benet\u00fasser\" \/>\n<meta property=\"article:published_time\" content=\"2023-12-05T06:06:53+00:00\" \/>\n<meta property=\"article:modified_time\" content=\"2023-12-05T06:35:55+00:00\" \/>\n<meta property=\"og:image\" content=\"https:\/\/acbenetusser.com\/rutatapabenetusser\/wp-content\/uploads\/sites\/3\/2023\/12\/Ruta-de-la-Tapa-Donacion-Incluversa_766x524.jpeg\" \/>\n\t<meta property=\"og:image:width\" content=\"766\" \/>\n\t<meta property=\"og:image:height\" content=\"524\" \/>\n\t<meta property=\"og:image:type\" content=\"image\/jpeg\" \/>\n<meta name=\"author\" content=\"admin\" \/>\n<meta name=\"twitter:card\" content=\"summary_large_image\" \/>\n<meta name=\"twitter:label1\" content=\"Escrit per\" \/>\n\t<meta name=\"twitter:data1\" content=\"admin\" \/>\n\t<meta name=\"twitter:label2\" content=\"Temps estimat de lectura\" \/>\n\t<meta name=\"twitter:data2\" content=\"1 minut\" \/>\n<script type=\"application\/ld+json\" class=\"yoast-schema-graph\">{\"@context\":\"https:\/\/schema.org\",\"@graph\":[{\"@type\":\"WebPage\",\"@id\":\"https:\/\/acbenetusser.com\/rutatapabenetusser\/es\/entrega-de-la-donacion-de-la-tapa-solidaria\/\",\"url\":\"https:\/\/acbenetusser.com\/rutatapabenetusser\/es\/entrega-de-la-donacion-de-la-tapa-solidaria\/\",\"name\":\"Entrega de la donaci\u00f3n de la Tapa Solidaria - Ruta de la Tapa de Benet\u00fasser\",\"isPartOf\":{\"@id\":\"https:\/\/acbenetusser.com\/rutatapabenetusser\/#website\"},\"primaryImageOfPage\":{\"@id\":\"https:\/\/acbenetusser.com\/rutatapabenetusser\/es\/entrega-de-la-donacion-de-la-tapa-solidaria\/#primaryimage\"},\"image\":{\"@id\":\"https:\/\/acbenetusser.com\/rutatapabenetusser\/es\/entrega-de-la-donacion-de-la-tapa-solidaria\/#primaryimage\"},\"thumbnailUrl\":\"https:\/\/acbenetusser.com\/rutatapabenetusser\/wp-content\/uploads\/sites\/3\/2023\/12\/Ruta-de-la-Tapa-Donacion-Incluversa_766x524.jpeg\",\"datePublished\":\"2023-12-05T06:06:53+00:00\",\"dateModified\":\"2023-12-05T06:35:55+00:00\",\"author\":{\"@id\":\"https:\/\/acbenetusser.com\/rutatapabenetusser\/#\/schema\/person\/d1fa7dae66c90e8b9184255684fcf888\"},\"description\":\"Entrega del dinero recogido por la Tapa Solidaria a Incluversa\",\"breadcrumb\":{\"@id\":\"https:\/\/acbenetusser.com\/rutatapabenetusser\/es\/entrega-de-la-donacion-de-la-tapa-solidaria\/#breadcrumb\"},\"inLanguage\":\"ca\",\"potentialAction\":[{\"@type\":\"ReadAction\",\"target\":[\"https:\/\/acbenetusser.com\/rutatapabenetusser\/es\/entrega-de-la-donacion-de-la-tapa-solidaria\/\"]}]},{\"@type\":\"ImageObject\",\"inLanguage\":\"ca\",\"@id\":\"https:\/\/acbenetusser.com\/rutatapabenetusser\/es\/entrega-de-la-donacion-de-la-tapa-solidaria\/#primaryimage\",\"url\":\"https:\/\/acbenetusser.com\/rutatapabenetusser\/wp-content\/uploads\/sites\/3\/2023\/12\/Ruta-de-la-Tapa-Donacion-Incluversa_766x524.jpeg\",\"contentUrl\":\"https:\/\/acbenetusser.com\/rutatapabenetusser\/wp-content\/uploads\/sites\/3\/2023\/12\/Ruta-de-la-Tapa-Donacion-Incluversa_766x524.jpeg\",\"width\":766,\"height\":524,\"caption\":\"Acto de donaci\u00f3n del diner recaudado por la Tapa Solid\u00e0ria a Incluversa\"},{\"@type\":\"BreadcrumbList\",\"@id\":\"https:\/\/acbenetusser.com\/rutatapabenetusser\/es\/entrega-de-la-donacion-de-la-tapa-solidaria\/#breadcrumb\",\"itemListElement\":[{\"@type\":\"ListItem\",\"position\":1,\"name\":\"Inici\",\"item\":\"https:\/\/acbenetusser.com\/rutatapabenetusser\/\"},{\"@type\":\"ListItem\",\"position\":2,\"name\":\"Entrega de la donaci\u00f3n de la Tapa Solidaria\"}]},{\"@type\":\"WebSite\",\"@id\":\"https:\/\/acbenetusser.com\/rutatapabenetusser\/#website\",\"url\":\"https:\/\/acbenetusser.com\/rutatapabenetusser\/\",\"name\":\"Ruta de la Tapa de Benet\u00fasser\",\"description\":\"9\u00aa Edici\u00f3: 2024. Des del 20 fins al 24 de novembre\",\"potentialAction\":[{\"@type\":\"SearchAction\",\"target\":{\"@type\":\"EntryPoint\",\"urlTemplate\":\"https:\/\/acbenetusser.com\/rutatapabenetusser\/?s={search_term_string}\"},\"query-input\":{\"@type\":\"PropertyValueSpecification\",\"valueRequired\":true,\"valueName\":\"search_term_string\"}}],\"inLanguage\":\"ca\"},{\"@type\":\"Person\",\"@id\":\"https:\/\/acbenetusser.com\/rutatapabenetusser\/#\/schema\/person\/d1fa7dae66c90e8b9184255684fcf888\",\"name\":\"admin\",\"image\":{\"@type\":\"ImageObject\",\"inLanguage\":\"ca\",\"@id\":\"https:\/\/acbenetusser.com\/rutatapabenetusser\/#\/schema\/person\/image\/\",\"url\":\"https:\/\/secure.gravatar.com\/avatar\/79081dffb19fe1f58d231053703e903890e584fd10217324f5b0a0fe9eee0994?s=96&d=mm&r=g\",\"contentUrl\":\"https:\/\/secure.gravatar.com\/avatar\/79081dffb19fe1f58d231053703e903890e584fd10217324f5b0a0fe9eee0994?s=96&d=mm&r=g\",\"caption\":\"admin\"},\"sameAs\":[\"https:\/\/acbenetusser.com\"],\"url\":\"https:\/\/acbenetusser.com\/rutatapabenetusser\/author\/benetusserchip_2021\/\"}]}<\/script>\n<!-- \/ Yoast SEO plugin. -->","yoast_head_json":{"title":"Entrega de la donaci\u00f3n de la Tapa Solidaria - Ruta de la Tapa de Benet\u00fasser","description":"Entrega del dinero recogido por la Tapa Solidaria a Incluversa","robots":{"index":"index","follow":"follow","max-snippet":"max-snippet:-1","max-image-preview":"max-image-preview:large","max-video-preview":"max-video-preview:-1"},"canonical":"https:\/\/acbenetusser.com\/rutatapabenetusser\/es\/entrega-de-la-donacion-de-la-tapa-solidaria\/","og_locale":"ca_ES","og_type":"article","og_title":"Entrega de la donaci\u00f3n de la Tapa Solidaria - Ruta de la Tapa de Benet\u00fasser","og_description":"Entrega del dinero recogido por la Tapa Solidaria a Incluversa","og_url":"https:\/\/acbenetusser.com\/rutatapabenetusser\/es\/entrega-de-la-donacion-de-la-tapa-solidaria\/","og_site_name":"Ruta de la Tapa de Benet\u00fasser","article_published_time":"2023-12-05T06:06:53+00:00","article_modified_time":"2023-12-05T06:35:55+00:00","og_image":[{"width":766,"height":524,"url":"https:\/\/acbenetusser.com\/rutatapabenetusser\/wp-content\/uploads\/sites\/3\/2023\/12\/Ruta-de-la-Tapa-Donacion-Incluversa_766x524.jpeg","type":"image\/jpeg"}],"author":"admin","twitter_card":"summary_large_image","twitter_misc":{"Escrit per":"admin","Temps estimat de lectura":"1 minut"},"schema":{"@context":"https:\/\/schema.org","@graph":[{"@type":"WebPage","@id":"https:\/\/acbenetusser.com\/rutatapabenetusser\/es\/entrega-de-la-donacion-de-la-tapa-solidaria\/","url":"https:\/\/acbenetusser.com\/rutatapabenetusser\/es\/entrega-de-la-donacion-de-la-tapa-solidaria\/","name":"Entrega de la donaci\u00f3n de la Tapa Solidaria - Ruta de la Tapa de Benet\u00fasser","isPartOf":{"@id":"https:\/\/acbenetusser.com\/rutatapabenetusser\/#website"},"primaryImageOfPage":{"@id":"https:\/\/acbenetusser.com\/rutatapabenetusser\/es\/entrega-de-la-donacion-de-la-tapa-solidaria\/#primaryimage"},"image":{"@id":"https:\/\/acbenetusser.com\/rutatapabenetusser\/es\/entrega-de-la-donacion-de-la-tapa-solidaria\/#primaryimage"},"thumbnailUrl":"https:\/\/acbenetusser.com\/rutatapabenetusser\/wp-content\/uploads\/sites\/3\/2023\/12\/Ruta-de-la-Tapa-Donacion-Incluversa_766x524.jpeg","datePublished":"2023-12-05T06:06:53+00:00","dateModified":"2023-12-05T06:35:55+00:00","author":{"@id":"https:\/\/acbenetusser.com\/rutatapabenetusser\/#\/schema\/person\/d1fa7dae66c90e8b9184255684fcf888"},"description":"Entrega del dinero recogido por la Tapa Solidaria a Incluversa","breadcrumb":{"@id":"https:\/\/acbenetusser.com\/rutatapabenetusser\/es\/entrega-de-la-donacion-de-la-tapa-solidaria\/#breadcrumb"},"inLanguage":"ca","potentialAction":[{"@type":"ReadAction","target":["https:\/\/acbenetusser.com\/rutatapabenetusser\/es\/entrega-de-la-donacion-de-la-tapa-solidaria\/"]}]},{"@type":"ImageObject","inLanguage":"ca","@id":"https:\/\/acbenetusser.com\/rutatapabenetusser\/es\/entrega-de-la-donacion-de-la-tapa-solidaria\/#primaryimage","url":"https:\/\/acbenetusser.com\/rutatapabenetusser\/wp-content\/uploads\/sites\/3\/2023\/12\/Ruta-de-la-Tapa-Donacion-Incluversa_766x524.jpeg","contentUrl":"https:\/\/acbenetusser.com\/rutatapabenetusser\/wp-content\/uploads\/sites\/3\/2023\/12\/Ruta-de-la-Tapa-Donacion-Incluversa_766x524.jpeg","width":766,"height":524,"caption":"Acto de donaci\u00f3n del diner recaudado por la Tapa Solid\u00e0ria a Incluversa"},{"@type":"BreadcrumbList","@id":"https:\/\/acbenetusser.com\/rutatapabenetusser\/es\/entrega-de-la-donacion-de-la-tapa-solidaria\/#breadcrumb","itemListElement":[{"@type":"ListItem","position":1,"name":"Inici","item":"https:\/\/acbenetusser.com\/rutatapabenetusser\/"},{"@type":"ListItem","position":2,"name":"Entrega de la donaci\u00f3n de la Tapa Solidaria"}]},{"@type":"WebSite","@id":"https:\/\/acbenetusser.com\/rutatapabenetusser\/#website","url":"https:\/\/acbenetusser.com\/rutatapabenetusser\/","name":"Ruta de la Tapa de Benet\u00fasser","description":"9\u00aa Edici\u00f3: 2024. Des del 20 fins al 24 de novembre","potentialAction":[{"@type":"SearchAction","target":{"@type":"EntryPoint","urlTemplate":"https:\/\/acbenetusser.com\/rutatapabenetusser\/?s={search_term_string}"},"query-input":{"@type":"PropertyValueSpecification","valueRequired":true,"valueName":"search_term_string"}}],"inLanguage":"ca"},{"@type":"Person","@id":"https:\/\/acbenetusser.com\/rutatapabenetusser\/#\/schema\/person\/d1fa7dae66c90e8b9184255684fcf888","name":"admin","image":{"@type":"ImageObject","inLanguage":"ca","@id":"https:\/\/acbenetusser.com\/rutatapabenetusser\/#\/schema\/person\/image\/","url":"https:\/\/secure.gravatar.com\/avatar\/79081dffb19fe1f58d231053703e903890e584fd10217324f5b0a0fe9eee0994?s=96&d=mm&r=g","contentUrl":"https:\/\/secure.gravatar.com\/avatar\/79081dffb19fe1f58d231053703e903890e584fd10217324f5b0a0fe9eee0994?s=96&d=mm&r=g","caption":"admin"},"sameAs":["https:\/\/acbenetusser.com"],"url":"https:\/\/acbenetusser.com\/rutatapabenetusser\/author\/benetusserchip_2021\/"}]}},"_links":{"self":[{"href":"https:\/\/acbenetusser.com\/rutatapabenetusser\/wp-json\/wp\/v2\/posts\/292","targetHints":{"allow":["GET"]}}],"collection":[{"href":"https:\/\/acbenetusser.com\/rutatapabenetusser\/wp-json\/wp\/v2\/posts"}],"about":[{"href":"https:\/\/acbenetusser.com\/rutatapabenetusser\/wp-json\/wp\/v2\/types\/post"}],"author":[{"embeddable":true,"href":"https:\/\/acbenetusser.com\/rutatapabenetusser\/wp-json\/wp\/v2\/users\/1"}],"replies":[{"embeddable":true,"href":"https:\/\/acbenetusser.com\/rutatapabenetusser\/wp-json\/wp\/v2\/comments?post=292"}],"version-history":[{"count":3,"href":"https:\/\/acbenetusser.com\/rutatapabenetusser\/wp-json\/wp\/v2\/posts\/292\/revisions"}],"predecessor-version":[{"id":303,"href":"https:\/\/acbenetusser.com\/rutatapabenetusser\/wp-json\/wp\/v2\/posts\/292\/revisions\/303"}],"wp:featuredmedia":[{"embeddable":true,"href":"https:\/\/acbenetusser.com\/rutatapabenetusser\/wp-json\/wp\/v2\/media\/293"}],"wp:attachment":[{"href":"https:\/\/acbenetusser.com\/rutatapabenetusser\/wp-json\/wp\/v2\/media?parent=292"}],"wp:term":[{"taxonomy":"category","embeddable":true,"href":"https:\/\/acbenetusser.com\/rutatapabenetusser\/wp-json\/wp\/v2\/categories?post=292"},{"taxonomy":"post_tag","embeddable":true,"href":"https:\/\/acbenetusser.com\/rutatapabenetusser\/wp-json\/wp\/v2\/tags?post=292"}],"curies":[{"name":"wp","href":"https:\/\/api.w.org\/{rel}","templated":true}]}}