{"id":394,"date":"2024-10-07T08:05:32","date_gmt":"2024-10-07T06:05:32","guid":{"rendered":"https:\/\/acbenetusser.com\/rutatapabenetusser\/?p=394"},"modified":"2024-10-07T10:50:24","modified_gmt":"2024-10-07T08:50:24","slug":"obert-el-termini-dinscripcions-per-a-la-ruta-de-la-tapa-2024-9a-edicio","status":"publish","type":"post","link":"https:\/\/acbenetusser.com\/rutatapabenetusser\/obert-el-termini-dinscripcions-per-a-la-ruta-de-la-tapa-2024-9a-edicio\/","title":{"rendered":"Obert el termini d&#8217;inscripcions per a la Ruta de la Tapa 2024. 9\u00aa edici\u00f3."},"content":{"rendered":"\n<p>Fins al 10 d&#8217;octubre es trobar\u00e0 obert el termini per inscriure&#8217;s a la Ruta de la Tapa de Benet\u00fasser 2024, que \u00e9s la seua 9\u00aa Edici\u00f3.<\/p>\n","protected":false},"excerpt":{"rendered":"<div class=\"mh-excerpt\"><p>Fins al 10 d&#8217;octubre es trobar\u00e0 obert el termini per inscriure&#8217;s a la Ruta de la Tapa de Benet\u00fasser 2024, que \u00e9s la seua 9\u00aa <a class=\"mh-excerpt-more\" href=\"https:\/\/acbenetusser.com\/rutatapabenetusser\/obert-el-termini-dinscripcions-per-a-la-ruta-de-la-tapa-2024-9a-edicio\/\" title=\"Obert el termini d&#8217;inscripcions per a la Ruta de la Tapa 2024. 9\u00aa edici\u00f3.\">[&#8230;]<\/a><\/p>\n<\/div>","protected":false},"author":1,"featured_media":0,"comment_status":"closed","ping_status":"open","sticky":false,"template":"","format":"standard","meta":{"footnotes":""},"categories":[223],"tags":[],"class_list":["post-394","post","type-post","status-publish","format-standard","hentry","category-noticies"],"yoast_head":"<!-- This site is optimized with the Yoast SEO plugin v25.1 - https:\/\/yoast.com\/wordpress\/plugins\/seo\/ -->\n<title>Obert el termini d&#039;inscripcions per a la Ruta de la Tapa 2024. 9\u00aa edici\u00f3. - Ruta de la Tapa de Benet\u00fasser<\/title>\n<meta name=\"description\" content=\"Obert el termini d&#039;inscripci\u00f3 de la Ruta de la Tapa 2024\" \/>\n<meta name=\"robots\" content=\"index, follow, max-snippet:-1, max-image-preview:large, max-video-preview:-1\" \/>\n<link rel=\"canonical\" href=\"https:\/\/acbenetusser.com\/rutatapabenetusser\/obert-el-termini-dinscripcions-per-a-la-ruta-de-la-tapa-2024-9a-edicio\/\" \/>\n<meta property=\"og:locale\" content=\"ca_ES\" \/>\n<meta property=\"og:type\" content=\"article\" \/>\n<meta property=\"og:title\" content=\"Obert el termini d&#039;inscripcions per a la Ruta de la Tapa 2024. 9\u00aa edici\u00f3. - Ruta de la Tapa de Benet\u00fasser\" \/>\n<meta property=\"og:description\" content=\"Obert el termini d&#039;inscripci\u00f3 de la Ruta de la Tapa 2024\" \/>\n<meta property=\"og:url\" content=\"https:\/\/acbenetusser.com\/rutatapabenetusser\/obert-el-termini-dinscripcions-per-a-la-ruta-de-la-tapa-2024-9a-edicio\/\" \/>\n<meta property=\"og:site_name\" content=\"Ruta de la Tapa de Benet\u00fasser\" \/>\n<meta property=\"article:published_time\" content=\"2024-10-07T06:05:32+00:00\" \/>\n<meta property=\"article:modified_time\" content=\"2024-10-07T08:50:24+00:00\" \/>\n<meta name=\"author\" content=\"admin\" \/>\n<meta name=\"twitter:card\" content=\"summary_large_image\" \/>\n<meta name=\"twitter:label1\" content=\"Escrit per\" \/>\n\t<meta name=\"twitter:data1\" content=\"admin\" \/>\n\t<meta name=\"twitter:label2\" content=\"Temps estimat de lectura\" \/>\n\t<meta name=\"twitter:data2\" content=\"1 minut\" \/>\n<script type=\"application\/ld+json\" class=\"yoast-schema-graph\">{\"@context\":\"https:\/\/schema.org\",\"@graph\":[{\"@type\":\"WebPage\",\"@id\":\"https:\/\/acbenetusser.com\/rutatapabenetusser\/obert-el-termini-dinscripcions-per-a-la-ruta-de-la-tapa-2024-9a-edicio\/\",\"url\":\"https:\/\/acbenetusser.com\/rutatapabenetusser\/obert-el-termini-dinscripcions-per-a-la-ruta-de-la-tapa-2024-9a-edicio\/\",\"name\":\"Obert el termini d'inscripcions per a la Ruta de la Tapa 2024. 9\u00aa edici\u00f3. - Ruta de la Tapa de Benet\u00fasser\",\"isPartOf\":{\"@id\":\"https:\/\/acbenetusser.com\/rutatapabenetusser\/#website\"},\"datePublished\":\"2024-10-07T06:05:32+00:00\",\"dateModified\":\"2024-10-07T08:50:24+00:00\",\"author\":{\"@id\":\"https:\/\/acbenetusser.com\/rutatapabenetusser\/#\/schema\/person\/d1fa7dae66c90e8b9184255684fcf888\"},\"description\":\"Obert el termini d'inscripci\u00f3 de la Ruta de la Tapa 2024\",\"breadcrumb\":{\"@id\":\"https:\/\/acbenetusser.com\/rutatapabenetusser\/obert-el-termini-dinscripcions-per-a-la-ruta-de-la-tapa-2024-9a-edicio\/#breadcrumb\"},\"inLanguage\":\"ca\",\"potentialAction\":[{\"@type\":\"ReadAction\",\"target\":[\"https:\/\/acbenetusser.com\/rutatapabenetusser\/obert-el-termini-dinscripcions-per-a-la-ruta-de-la-tapa-2024-9a-edicio\/\"]}]},{\"@type\":\"BreadcrumbList\",\"@id\":\"https:\/\/acbenetusser.com\/rutatapabenetusser\/obert-el-termini-dinscripcions-per-a-la-ruta-de-la-tapa-2024-9a-edicio\/#breadcrumb\",\"itemListElement\":[{\"@type\":\"ListItem\",\"position\":1,\"name\":\"Inici\",\"item\":\"https:\/\/acbenetusser.com\/rutatapabenetusser\/\"},{\"@type\":\"ListItem\",\"position\":2,\"name\":\"Obert el termini d&#8217;inscripcions per a la Ruta de la Tapa 2024. 9\u00aa edici\u00f3.\"}]},{\"@type\":\"WebSite\",\"@id\":\"https:\/\/acbenetusser.com\/rutatapabenetusser\/#website\",\"url\":\"https:\/\/acbenetusser.com\/rutatapabenetusser\/\",\"name\":\"Ruta de la Tapa de Benet\u00fasser\",\"description\":\"9\u00aa Edici\u00f3: 2024. Des del 20 fins al 24 de novembre\",\"potentialAction\":[{\"@type\":\"SearchAction\",\"target\":{\"@type\":\"EntryPoint\",\"urlTemplate\":\"https:\/\/acbenetusser.com\/rutatapabenetusser\/?s={search_term_string}\"},\"query-input\":{\"@type\":\"PropertyValueSpecification\",\"valueRequired\":true,\"valueName\":\"search_term_string\"}}],\"inLanguage\":\"ca\"},{\"@type\":\"Person\",\"@id\":\"https:\/\/acbenetusser.com\/rutatapabenetusser\/#\/schema\/person\/d1fa7dae66c90e8b9184255684fcf888\",\"name\":\"admin\",\"image\":{\"@type\":\"ImageObject\",\"inLanguage\":\"ca\",\"@id\":\"https:\/\/acbenetusser.com\/rutatapabenetusser\/#\/schema\/person\/image\/\",\"url\":\"https:\/\/secure.gravatar.com\/avatar\/79081dffb19fe1f58d231053703e903890e584fd10217324f5b0a0fe9eee0994?s=96&d=mm&r=g\",\"contentUrl\":\"https:\/\/secure.gravatar.com\/avatar\/79081dffb19fe1f58d231053703e903890e584fd10217324f5b0a0fe9eee0994?s=96&d=mm&r=g\",\"caption\":\"admin\"},\"sameAs\":[\"https:\/\/acbenetusser.com\"],\"url\":\"https:\/\/acbenetusser.com\/rutatapabenetusser\/author\/benetusserchip_2021\/\"}]}<\/script>\n<!-- \/ Yoast SEO plugin. -->","yoast_head_json":{"title":"Obert el termini d'inscripcions per a la Ruta de la Tapa 2024. 9\u00aa edici\u00f3. - Ruta de la Tapa de Benet\u00fasser","description":"Obert el termini d'inscripci\u00f3 de la Ruta de la Tapa 2024","robots":{"index":"index","follow":"follow","max-snippet":"max-snippet:-1","max-image-preview":"max-image-preview:large","max-video-preview":"max-video-preview:-1"},"canonical":"https:\/\/acbenetusser.com\/rutatapabenetusser\/obert-el-termini-dinscripcions-per-a-la-ruta-de-la-tapa-2024-9a-edicio\/","og_locale":"ca_ES","og_type":"article","og_title":"Obert el termini d'inscripcions per a la Ruta de la Tapa 2024. 9\u00aa edici\u00f3. - Ruta de la Tapa de Benet\u00fasser","og_description":"Obert el termini d'inscripci\u00f3 de la Ruta de la Tapa 2024","og_url":"https:\/\/acbenetusser.com\/rutatapabenetusser\/obert-el-termini-dinscripcions-per-a-la-ruta-de-la-tapa-2024-9a-edicio\/","og_site_name":"Ruta de la Tapa de Benet\u00fasser","article_published_time":"2024-10-07T06:05:32+00:00","article_modified_time":"2024-10-07T08:50:24+00:00","author":"admin","twitter_card":"summary_large_image","twitter_misc":{"Escrit per":"admin","Temps estimat de lectura":"1 minut"},"schema":{"@context":"https:\/\/schema.org","@graph":[{"@type":"WebPage","@id":"https:\/\/acbenetusser.com\/rutatapabenetusser\/obert-el-termini-dinscripcions-per-a-la-ruta-de-la-tapa-2024-9a-edicio\/","url":"https:\/\/acbenetusser.com\/rutatapabenetusser\/obert-el-termini-dinscripcions-per-a-la-ruta-de-la-tapa-2024-9a-edicio\/","name":"Obert el termini d'inscripcions per a la Ruta de la Tapa 2024. 9\u00aa edici\u00f3. - Ruta de la Tapa de Benet\u00fasser","isPartOf":{"@id":"https:\/\/acbenetusser.com\/rutatapabenetusser\/#website"},"datePublished":"2024-10-07T06:05:32+00:00","dateModified":"2024-10-07T08:50:24+00:00","author":{"@id":"https:\/\/acbenetusser.com\/rutatapabenetusser\/#\/schema\/person\/d1fa7dae66c90e8b9184255684fcf888"},"description":"Obert el termini d'inscripci\u00f3 de la Ruta de la Tapa 2024","breadcrumb":{"@id":"https:\/\/acbenetusser.com\/rutatapabenetusser\/obert-el-termini-dinscripcions-per-a-la-ruta-de-la-tapa-2024-9a-edicio\/#breadcrumb"},"inLanguage":"ca","potentialAction":[{"@type":"ReadAction","target":["https:\/\/acbenetusser.com\/rutatapabenetusser\/obert-el-termini-dinscripcions-per-a-la-ruta-de-la-tapa-2024-9a-edicio\/"]}]},{"@type":"BreadcrumbList","@id":"https:\/\/acbenetusser.com\/rutatapabenetusser\/obert-el-termini-dinscripcions-per-a-la-ruta-de-la-tapa-2024-9a-edicio\/#breadcrumb","itemListElement":[{"@type":"ListItem","position":1,"name":"Inici","item":"https:\/\/acbenetusser.com\/rutatapabenetusser\/"},{"@type":"ListItem","position":2,"name":"Obert el termini d&#8217;inscripcions per a la Ruta de la Tapa 2024. 9\u00aa edici\u00f3."}]},{"@type":"WebSite","@id":"https:\/\/acbenetusser.com\/rutatapabenetusser\/#website","url":"https:\/\/acbenetusser.com\/rutatapabenetusser\/","name":"Ruta de la Tapa de Benet\u00fasser","description":"9\u00aa Edici\u00f3: 2024. Des del 20 fins al 24 de novembre","potentialAction":[{"@type":"SearchAction","target":{"@type":"EntryPoint","urlTemplate":"https:\/\/acbenetusser.com\/rutatapabenetusser\/?s={search_term_string}"},"query-input":{"@type":"PropertyValueSpecification","valueRequired":true,"valueName":"search_term_string"}}],"inLanguage":"ca"},{"@type":"Person","@id":"https:\/\/acbenetusser.com\/rutatapabenetusser\/#\/schema\/person\/d1fa7dae66c90e8b9184255684fcf888","name":"admin","image":{"@type":"ImageObject","inLanguage":"ca","@id":"https:\/\/acbenetusser.com\/rutatapabenetusser\/#\/schema\/person\/image\/","url":"https:\/\/secure.gravatar.com\/avatar\/79081dffb19fe1f58d231053703e903890e584fd10217324f5b0a0fe9eee0994?s=96&d=mm&r=g","contentUrl":"https:\/\/secure.gravatar.com\/avatar\/79081dffb19fe1f58d231053703e903890e584fd10217324f5b0a0fe9eee0994?s=96&d=mm&r=g","caption":"admin"},"sameAs":["https:\/\/acbenetusser.com"],"url":"https:\/\/acbenetusser.com\/rutatapabenetusser\/author\/benetusserchip_2021\/"}]}},"_links":{"self":[{"href":"https:\/\/acbenetusser.com\/rutatapabenetusser\/wp-json\/wp\/v2\/posts\/394","targetHints":{"allow":["GET"]}}],"collection":[{"href":"https:\/\/acbenetusser.com\/rutatapabenetusser\/wp-json\/wp\/v2\/posts"}],"about":[{"href":"https:\/\/acbenetusser.com\/rutatapabenetusser\/wp-json\/wp\/v2\/types\/post"}],"author":[{"embeddable":true,"href":"https:\/\/acbenetusser.com\/rutatapabenetusser\/wp-json\/wp\/v2\/users\/1"}],"replies":[{"embeddable":true,"href":"https:\/\/acbenetusser.com\/rutatapabenetusser\/wp-json\/wp\/v2\/comments?post=394"}],"version-history":[{"count":1,"href":"https:\/\/acbenetusser.com\/rutatapabenetusser\/wp-json\/wp\/v2\/posts\/394\/revisions"}],"predecessor-version":[{"id":395,"href":"https:\/\/acbenetusser.com\/rutatapabenetusser\/wp-json\/wp\/v2\/posts\/394\/revisions\/395"}],"wp:attachment":[{"href":"https:\/\/acbenetusser.com\/rutatapabenetusser\/wp-json\/wp\/v2\/media?parent=394"}],"wp:term":[{"taxonomy":"category","embeddable":true,"href":"https:\/\/acbenetusser.com\/rutatapabenetusser\/wp-json\/wp\/v2\/categories?post=394"},{"taxonomy":"post_tag","embeddable":true,"href":"https:\/\/acbenetusser.com\/rutatapabenetusser\/wp-json\/wp\/v2\/tags?post=394"}],"curies":[{"name":"wp","href":"https:\/\/api.w.org\/{rel}","templated":true}]}}