{"id":97,"date":"2023-11-21T12:02:24","date_gmt":"2023-11-21T11:02:24","guid":{"rendered":"https:\/\/acbenetusser.com\/rutatapabenetusser\/?p=97"},"modified":"2023-11-22T12:17:33","modified_gmt":"2023-11-22T11:17:33","slug":"vins-i-mes","status":"publish","type":"post","link":"https:\/\/acbenetusser.com\/rutatapabenetusser\/vins-i-mes\/","title":{"rendered":"Vins i M\u00e9s"},"content":{"rendered":"\n<p>Pincho de Morcilla de Orza<\/p>\n\n\n\n<h3 class=\"wp-block-heading\">Cont\u00e9 els seg\u00fcents al\u00b7lerg\u00f2gens:<\/h3>\n\n\n\n<figure class=\"wp-block-table aligncenter\"><table><tbody><tr><td><img decoding=\"async\" width=\"80\" height=\"79\" class=\"wp-image-29 lazyload\" style=\"--smush-placeholder-width: 80px; --smush-placeholder-aspect-ratio: 80\/79;width: 80px;\" data-src=\"https:\/\/acbenetusser.com\/rutatapabenetusser\/wp-content\/uploads\/sites\/3\/2023\/11\/Gluten.png\" alt=\"Cont\u00e9 Gl\u00faten\" src=\"data:image\/gif;base64,R0lGODlhAQABAAAAACH5BAEKAAEALAAAAAABAAEAAAICTAEAOw==\"><\/td><td><img decoding=\"async\" width=\"80\" height=\"81\" class=\"wp-image-28 lazyload\" style=\"--smush-placeholder-width: 80px; --smush-placeholder-aspect-ratio: 80\/81;width: 80px;\" data-src=\"https:\/\/acbenetusser.com\/rutatapabenetusser\/wp-content\/uploads\/sites\/3\/2023\/11\/Frutos-secos.png\" alt=\"Fruits secs\" src=\"data:image\/gif;base64,R0lGODlhAQABAAAAACH5BAEKAAEALAAAAAABAAEAAAICTAEAOw==\"><\/td><td><\/td><\/tr><\/tbody><\/table><\/figure>\n\n\n\n<h3 class=\"wp-block-heading\">Adre\u00e7a de l&#8217;establiment:<\/h3>\n\n\n\n<p>C.\/ Constituci\u00f3, 25<\/p>\n\n\n\n<h3 class=\"wp-block-heading\">Horari de tapes:<\/h3>\n\n\n\n<p>22 de novembre de 2023: <\/p>\n\n\n\n<ul class=\"wp-block-list\">\n<li>Des de les 18:30 hores fins les 21:00 hores<\/li>\n<\/ul>\n\n\n\n<p>23,24 i 25 de novembre 2023:<\/p>\n\n\n\n<ul class=\"wp-block-list\">\n<li>Des de les 11:30 fins a les 14:00 hores.<\/li>\n\n\n\n<li>Des de les 18:30 fins a les 21:00 hores.<\/li>\n<\/ul>\n\n\n\n<p>26 de novembre de 2023:<\/p>\n\n\n\n<ul class=\"wp-block-list\">\n<li>Des de les 11:30 hores fins a les 14:00 hores<\/li>\n<\/ul>\n\n\n\n<h3 class=\"wp-block-heading\">Descripci\u00f3 dels s\u00edmbols dels al\u00b7lerg\u00f2gens <\/h3>\n\n\n\n<figure class=\"wp-block-table aligncenter\"><table><tbody><tr><td class=\"has-text-align-center\" data-align=\"center\"><img decoding=\"async\" width=\"80\" height=\"81\" class=\"wp-image-23 lazyload\" style=\"--smush-placeholder-width: 80px; --smush-placeholder-aspect-ratio: 80\/81;width: 80px;\" data-src=\"https:\/\/acbenetusser.com\/rutatapabenetusser\/wp-content\/uploads\/sites\/3\/2023\/11\/Altramuz.png\" alt=\"Altramuz\" src=\"data:image\/gif;base64,R0lGODlhAQABAAAAACH5BAEKAAEALAAAAAABAAEAAAICTAEAOw==\"><br><strong>T<\/strong>ram\u00fas<\/td><td class=\"has-text-align-center\" data-align=\"center\"><img decoding=\"async\" width=\"80\" height=\"81\" class=\"wp-image-24 lazyload\" style=\"--smush-placeholder-width: 80px; --smush-placeholder-aspect-ratio: 80\/81;width: 80px;\" data-src=\"https:\/\/acbenetusser.com\/rutatapabenetusser\/wp-content\/uploads\/sites\/3\/2023\/11\/Apio.png\" alt=\"Api\" src=\"data:image\/gif;base64,R0lGODlhAQABAAAAACH5BAEKAAEALAAAAAABAAEAAAICTAEAOw==\"><br>Api<\/td><td class=\"has-text-align-center\" data-align=\"center\"><img decoding=\"async\" width=\"80\" height=\"81\" class=\"wp-image-26 lazyload\" style=\"--smush-placeholder-width: 80px; --smush-placeholder-aspect-ratio: 80\/81;width: 80px;\" data-src=\"https:\/\/acbenetusser.com\/rutatapabenetusser\/wp-content\/uploads\/sites\/3\/2023\/11\/Cacahuetes-1.png\" alt=\"Cacauets\" src=\"data:image\/gif;base64,R0lGODlhAQABAAAAACH5BAEKAAEALAAAAAABAAEAAAICTAEAOw==\"><br>Cacauets<\/td><td class=\"has-text-align-center\" data-align=\"center\"><img decoding=\"async\" width=\"80\" height=\"81\" class=\"wp-image-27 lazyload\" style=\"--smush-placeholder-width: 80px; --smush-placeholder-aspect-ratio: 80\/81;width: 80px;\" data-src=\"https:\/\/acbenetusser.com\/rutatapabenetusser\/wp-content\/uploads\/sites\/3\/2023\/11\/Crustaceos.png\" alt=\"Crustacis\" src=\"data:image\/gif;base64,R0lGODlhAQABAAAAACH5BAEKAAEALAAAAAABAAEAAAICTAEAOw==\"><br>Crustacis<\/td><td class=\"has-text-align-center\" data-align=\"center\"><img decoding=\"async\" width=\"80\" height=\"81\" class=\"wp-image-28 lazyload\" style=\"--smush-placeholder-width: 80px; --smush-placeholder-aspect-ratio: 80\/81;width: 80px;\" data-src=\"https:\/\/acbenetusser.com\/rutatapabenetusser\/wp-content\/uploads\/sites\/3\/2023\/11\/Frutos-secos.png\" alt=\"Fruits secs\" src=\"data:image\/gif;base64,R0lGODlhAQABAAAAACH5BAEKAAEALAAAAAABAAEAAAICTAEAOw==\"><br>Fruits secs<\/td><\/tr><tr><td class=\"has-text-align-center\" data-align=\"center\"><img decoding=\"async\" width=\"80\" height=\"79\" class=\"wp-image-29 lazyload\" style=\"--smush-placeholder-width: 80px; --smush-placeholder-aspect-ratio: 80\/79;width: 80px;\" data-src=\"https:\/\/acbenetusser.com\/rutatapabenetusser\/wp-content\/uploads\/sites\/3\/2023\/11\/Gluten.png\" alt=\"Conte Gluten\" src=\"data:image\/gif;base64,R0lGODlhAQABAAAAACH5BAEKAAEALAAAAAABAAEAAAICTAEAOw==\"><br>Cont\u00e9 Gl\u00fatens<\/td><td class=\"has-text-align-center\" data-align=\"center\"><img decoding=\"async\" width=\"80\" height=\"81\" class=\"wp-image-30 lazyload\" style=\"--smush-placeholder-width: 80px; --smush-placeholder-aspect-ratio: 80\/81;width: 80px;\" data-src=\"https:\/\/acbenetusser.com\/rutatapabenetusser\/wp-content\/uploads\/sites\/3\/2023\/11\/Huevos.png\" alt=\"Ous\" src=\"data:image\/gif;base64,R0lGODlhAQABAAAAACH5BAEKAAEALAAAAAABAAEAAAICTAEAOw==\"><br>Ous<\/td><td class=\"has-text-align-center\" data-align=\"center\"><img decoding=\"async\" width=\"80\" height=\"81\" class=\"wp-image-31 lazyload\" style=\"--smush-placeholder-width: 80px; --smush-placeholder-aspect-ratio: 80\/81;width: 80px;\" data-src=\"https:\/\/acbenetusser.com\/rutatapabenetusser\/wp-content\/uploads\/sites\/3\/2023\/11\/Lacteos.png\" alt=\"Lactis\" src=\"data:image\/gif;base64,R0lGODlhAQABAAAAACH5BAEKAAEALAAAAAABAAEAAAICTAEAOw==\"><br>Lactis<\/td><td class=\"has-text-align-center\" data-align=\"center\"><img decoding=\"async\" width=\"80\" height=\"80\" class=\"wp-image-32 lazyload\" style=\"--smush-placeholder-width: 80px; --smush-placeholder-aspect-ratio: 80\/80;width: 80px;\" data-src=\"https:\/\/acbenetusser.com\/rutatapabenetusser\/wp-content\/uploads\/sites\/3\/2023\/11\/Moluscos.png\" alt=\"Mol\u00b7luscos\" src=\"data:image\/gif;base64,R0lGODlhAQABAAAAACH5BAEKAAEALAAAAAABAAEAAAICTAEAOw==\"><br>Mol\u00b7luscos<\/td><td class=\"has-text-align-center\" data-align=\"center\"><img decoding=\"async\" width=\"80\" height=\"81\" class=\"wp-image-33 lazyload\" style=\"--smush-placeholder-width: 80px; --smush-placeholder-aspect-ratio: 80\/81;width: 80px;\" data-src=\"https:\/\/acbenetusser.com\/rutatapabenetusser\/wp-content\/uploads\/sites\/3\/2023\/11\/Mostaza.png\" alt=\"Mostassa\" src=\"data:image\/gif;base64,R0lGODlhAQABAAAAACH5BAEKAAEALAAAAAABAAEAAAICTAEAOw==\"><br>Mostassa<\/td><\/tr><tr><td class=\"has-text-align-center\" data-align=\"center\"><img decoding=\"async\" width=\"80\" height=\"81\" class=\"wp-image-34 lazyload\" style=\"--smush-placeholder-width: 80px; --smush-placeholder-aspect-ratio: 80\/81;width: 80px;\" data-src=\"https:\/\/acbenetusser.com\/rutatapabenetusser\/wp-content\/uploads\/sites\/3\/2023\/11\/Pescado.png\" alt=\"Peix\" src=\"data:image\/gif;base64,R0lGODlhAQABAAAAACH5BAEKAAEALAAAAAABAAEAAAICTAEAOw==\"><br>Peix<\/td><td class=\"has-text-align-center\" data-align=\"center\"><img decoding=\"async\" width=\"80\" height=\"81\" class=\"wp-image-35 lazyload\" style=\"--smush-placeholder-width: 80px; --smush-placeholder-aspect-ratio: 80\/81;width: 80px;\" data-src=\"https:\/\/acbenetusser.com\/rutatapabenetusser\/wp-content\/uploads\/sites\/3\/2023\/11\/Sesamo.png\" alt=\"S\u00e8sam\" src=\"data:image\/gif;base64,R0lGODlhAQABAAAAACH5BAEKAAEALAAAAAABAAEAAAICTAEAOw==\"><br>S\u00e8sam<\/td><td class=\"has-text-align-center\" data-align=\"center\"><img decoding=\"async\" width=\"80\" height=\"81\" class=\"wp-image-36 lazyload\" style=\"--smush-placeholder-width: 80px; --smush-placeholder-aspect-ratio: 80\/81;width: 80px;\" data-src=\"https:\/\/acbenetusser.com\/rutatapabenetusser\/wp-content\/uploads\/sites\/3\/2023\/11\/Soja.png\" alt=\"Soja\" src=\"data:image\/gif;base64,R0lGODlhAQABAAAAACH5BAEKAAEALAAAAAABAAEAAAICTAEAOw==\"><br>Soja<\/td><td class=\"has-text-align-center\" data-align=\"center\"><img decoding=\"async\" width=\"80\" height=\"81\" class=\"wp-image-37 lazyload\" style=\"--smush-placeholder-width: 80px; --smush-placeholder-aspect-ratio: 80\/81;width: 80px;\" data-src=\"https:\/\/acbenetusser.com\/rutatapabenetusser\/wp-content\/uploads\/sites\/3\/2023\/11\/Sulfitos.png\" alt=\"Sulfits\" src=\"data:image\/gif;base64,R0lGODlhAQABAAAAACH5BAEKAAEALAAAAAABAAEAAAICTAEAOw==\"><br>Di\u00f2xid de Sofre<br> i Sulfits<\/td><td class=\"has-text-align-center\" data-align=\"center\"><\/td><\/tr><\/tbody><\/table><\/figure>\n\n\n\n<p><\/p>\n","protected":false},"excerpt":{"rendered":"<div class=\"mh-excerpt\"><p>Pincho de Morcilla de Orza<br \/>\nAl\u00b7lerg\u00f2gens:  Gl\u00fatens i Fruits secs.<\/p>\n<\/div>","protected":false},"author":1,"featured_media":98,"comment_status":"closed","ping_status":"open","sticky":false,"template":"","format":"standard","meta":{"footnotes":""},"categories":[1],"tags":[20,56,26,16,54],"class_list":["post-97","post","type-post","status-publish","format-standard","has-post-thumbnail","hentry","category-participants","tag-bar","tag-pincho-de-morcilla-de-orza","tag-slider","tag-tapes","tag-vins"],"yoast_head":"<!-- This site is optimized with the Yoast SEO plugin v25.1 - https:\/\/yoast.com\/wordpress\/plugins\/seo\/ -->\n<title>Vins i M\u00e9s - Ruta de la Tapa de Benet\u00fasser<\/title>\n<meta name=\"description\" content=\"Tapa presentada per la Vins i M\u00e9s a l&#039;8\u00aa Ruta de la Tapa de Benet\u00fasser\" \/>\n<meta name=\"robots\" content=\"index, follow, max-snippet:-1, max-image-preview:large, max-video-preview:-1\" \/>\n<link rel=\"canonical\" href=\"https:\/\/acbenetusser.com\/rutatapabenetusser\/vins-i-mes\/\" \/>\n<meta property=\"og:locale\" content=\"ca_ES\" \/>\n<meta property=\"og:type\" content=\"article\" \/>\n<meta property=\"og:title\" content=\"Vins i M\u00e9s - Ruta de la Tapa de Benet\u00fasser\" \/>\n<meta property=\"og:description\" content=\"Tapa presentada per la Vins i M\u00e9s a l&#039;8\u00aa Ruta de la Tapa de Benet\u00fasser\" \/>\n<meta property=\"og:url\" content=\"https:\/\/acbenetusser.com\/rutatapabenetusser\/vins-i-mes\/\" \/>\n<meta property=\"og:site_name\" content=\"Ruta de la Tapa de Benet\u00fasser\" \/>\n<meta property=\"article:published_time\" content=\"2023-11-21T11:02:24+00:00\" \/>\n<meta property=\"article:modified_time\" content=\"2023-11-22T11:17:33+00:00\" \/>\n<meta property=\"og:image\" content=\"https:\/\/acbenetusser.com\/rutatapabenetusser\/wp-content\/uploads\/sites\/3\/2023\/11\/Tapa_Vins_i_Mes_1030x438.jpg\" \/>\n\t<meta property=\"og:image:width\" content=\"1030\" \/>\n\t<meta property=\"og:image:height\" content=\"438\" \/>\n\t<meta property=\"og:image:type\" content=\"image\/jpeg\" \/>\n<meta name=\"author\" content=\"admin\" \/>\n<meta name=\"twitter:card\" content=\"summary_large_image\" \/>\n<meta name=\"twitter:label1\" content=\"Escrit per\" \/>\n\t<meta name=\"twitter:data1\" content=\"admin\" \/>\n\t<meta name=\"twitter:label2\" content=\"Temps estimat de lectura\" \/>\n\t<meta name=\"twitter:data2\" content=\"4 minuts\" \/>\n<script type=\"application\/ld+json\" class=\"yoast-schema-graph\">{\"@context\":\"https:\/\/schema.org\",\"@graph\":[{\"@type\":\"WebPage\",\"@id\":\"https:\/\/acbenetusser.com\/rutatapabenetusser\/vins-i-mes\/\",\"url\":\"https:\/\/acbenetusser.com\/rutatapabenetusser\/vins-i-mes\/\",\"name\":\"Vins i M\u00e9s - Ruta de la Tapa de Benet\u00fasser\",\"isPartOf\":{\"@id\":\"https:\/\/acbenetusser.com\/rutatapabenetusser\/#website\"},\"primaryImageOfPage\":{\"@id\":\"https:\/\/acbenetusser.com\/rutatapabenetusser\/vins-i-mes\/#primaryimage\"},\"image\":{\"@id\":\"https:\/\/acbenetusser.com\/rutatapabenetusser\/vins-i-mes\/#primaryimage\"},\"thumbnailUrl\":\"https:\/\/acbenetusser.com\/rutatapabenetusser\/wp-content\/uploads\/sites\/3\/2023\/11\/Tapa_Vins_i_Mes_1030x438.jpg\",\"datePublished\":\"2023-11-21T11:02:24+00:00\",\"dateModified\":\"2023-11-22T11:17:33+00:00\",\"author\":{\"@id\":\"https:\/\/acbenetusser.com\/rutatapabenetusser\/#\/schema\/person\/d1fa7dae66c90e8b9184255684fcf888\"},\"description\":\"Tapa presentada per la Vins i M\u00e9s a l'8\u00aa Ruta de la Tapa de Benet\u00fasser\",\"breadcrumb\":{\"@id\":\"https:\/\/acbenetusser.com\/rutatapabenetusser\/vins-i-mes\/#breadcrumb\"},\"inLanguage\":\"ca\",\"potentialAction\":[{\"@type\":\"ReadAction\",\"target\":[\"https:\/\/acbenetusser.com\/rutatapabenetusser\/vins-i-mes\/\"]}]},{\"@type\":\"ImageObject\",\"inLanguage\":\"ca\",\"@id\":\"https:\/\/acbenetusser.com\/rutatapabenetusser\/vins-i-mes\/#primaryimage\",\"url\":\"https:\/\/acbenetusser.com\/rutatapabenetusser\/wp-content\/uploads\/sites\/3\/2023\/11\/Tapa_Vins_i_Mes_1030x438.jpg\",\"contentUrl\":\"https:\/\/acbenetusser.com\/rutatapabenetusser\/wp-content\/uploads\/sites\/3\/2023\/11\/Tapa_Vins_i_Mes_1030x438.jpg\",\"width\":1030,\"height\":438,\"caption\":\"Tapa Vins i Mes: Pincho de Morcilla de Orza\"},{\"@type\":\"BreadcrumbList\",\"@id\":\"https:\/\/acbenetusser.com\/rutatapabenetusser\/vins-i-mes\/#breadcrumb\",\"itemListElement\":[{\"@type\":\"ListItem\",\"position\":1,\"name\":\"Inici\",\"item\":\"https:\/\/acbenetusser.com\/rutatapabenetusser\/\"},{\"@type\":\"ListItem\",\"position\":2,\"name\":\"Vins i M\u00e9s\"}]},{\"@type\":\"WebSite\",\"@id\":\"https:\/\/acbenetusser.com\/rutatapabenetusser\/#website\",\"url\":\"https:\/\/acbenetusser.com\/rutatapabenetusser\/\",\"name\":\"Ruta de la Tapa de Benet\u00fasser\",\"description\":\"9\u00aa Edici\u00f3: 2024. Des del 20 fins al 24 de novembre\",\"potentialAction\":[{\"@type\":\"SearchAction\",\"target\":{\"@type\":\"EntryPoint\",\"urlTemplate\":\"https:\/\/acbenetusser.com\/rutatapabenetusser\/?s={search_term_string}\"},\"query-input\":{\"@type\":\"PropertyValueSpecification\",\"valueRequired\":true,\"valueName\":\"search_term_string\"}}],\"inLanguage\":\"ca\"},{\"@type\":\"Person\",\"@id\":\"https:\/\/acbenetusser.com\/rutatapabenetusser\/#\/schema\/person\/d1fa7dae66c90e8b9184255684fcf888\",\"name\":\"admin\",\"image\":{\"@type\":\"ImageObject\",\"inLanguage\":\"ca\",\"@id\":\"https:\/\/acbenetusser.com\/rutatapabenetusser\/#\/schema\/person\/image\/\",\"url\":\"https:\/\/secure.gravatar.com\/avatar\/79081dffb19fe1f58d231053703e903890e584fd10217324f5b0a0fe9eee0994?s=96&d=mm&r=g\",\"contentUrl\":\"https:\/\/secure.gravatar.com\/avatar\/79081dffb19fe1f58d231053703e903890e584fd10217324f5b0a0fe9eee0994?s=96&d=mm&r=g\",\"caption\":\"admin\"},\"sameAs\":[\"https:\/\/acbenetusser.com\"],\"url\":\"https:\/\/acbenetusser.com\/rutatapabenetusser\/author\/benetusserchip_2021\/\"}]}<\/script>\n<!-- \/ Yoast SEO plugin. -->","yoast_head_json":{"title":"Vins i M\u00e9s - Ruta de la Tapa de Benet\u00fasser","description":"Tapa presentada per la Vins i M\u00e9s a l'8\u00aa Ruta de la Tapa de Benet\u00fasser","robots":{"index":"index","follow":"follow","max-snippet":"max-snippet:-1","max-image-preview":"max-image-preview:large","max-video-preview":"max-video-preview:-1"},"canonical":"https:\/\/acbenetusser.com\/rutatapabenetusser\/vins-i-mes\/","og_locale":"ca_ES","og_type":"article","og_title":"Vins i M\u00e9s - Ruta de la Tapa de Benet\u00fasser","og_description":"Tapa presentada per la Vins i M\u00e9s a l'8\u00aa Ruta de la Tapa de Benet\u00fasser","og_url":"https:\/\/acbenetusser.com\/rutatapabenetusser\/vins-i-mes\/","og_site_name":"Ruta de la Tapa de Benet\u00fasser","article_published_time":"2023-11-21T11:02:24+00:00","article_modified_time":"2023-11-22T11:17:33+00:00","og_image":[{"width":1030,"height":438,"url":"https:\/\/acbenetusser.com\/rutatapabenetusser\/wp-content\/uploads\/sites\/3\/2023\/11\/Tapa_Vins_i_Mes_1030x438.jpg","type":"image\/jpeg"}],"author":"admin","twitter_card":"summary_large_image","twitter_misc":{"Escrit per":"admin","Temps estimat de lectura":"4 minuts"},"schema":{"@context":"https:\/\/schema.org","@graph":[{"@type":"WebPage","@id":"https:\/\/acbenetusser.com\/rutatapabenetusser\/vins-i-mes\/","url":"https:\/\/acbenetusser.com\/rutatapabenetusser\/vins-i-mes\/","name":"Vins i M\u00e9s - Ruta de la Tapa de Benet\u00fasser","isPartOf":{"@id":"https:\/\/acbenetusser.com\/rutatapabenetusser\/#website"},"primaryImageOfPage":{"@id":"https:\/\/acbenetusser.com\/rutatapabenetusser\/vins-i-mes\/#primaryimage"},"image":{"@id":"https:\/\/acbenetusser.com\/rutatapabenetusser\/vins-i-mes\/#primaryimage"},"thumbnailUrl":"https:\/\/acbenetusser.com\/rutatapabenetusser\/wp-content\/uploads\/sites\/3\/2023\/11\/Tapa_Vins_i_Mes_1030x438.jpg","datePublished":"2023-11-21T11:02:24+00:00","dateModified":"2023-11-22T11:17:33+00:00","author":{"@id":"https:\/\/acbenetusser.com\/rutatapabenetusser\/#\/schema\/person\/d1fa7dae66c90e8b9184255684fcf888"},"description":"Tapa presentada per la Vins i M\u00e9s a l'8\u00aa Ruta de la Tapa de Benet\u00fasser","breadcrumb":{"@id":"https:\/\/acbenetusser.com\/rutatapabenetusser\/vins-i-mes\/#breadcrumb"},"inLanguage":"ca","potentialAction":[{"@type":"ReadAction","target":["https:\/\/acbenetusser.com\/rutatapabenetusser\/vins-i-mes\/"]}]},{"@type":"ImageObject","inLanguage":"ca","@id":"https:\/\/acbenetusser.com\/rutatapabenetusser\/vins-i-mes\/#primaryimage","url":"https:\/\/acbenetusser.com\/rutatapabenetusser\/wp-content\/uploads\/sites\/3\/2023\/11\/Tapa_Vins_i_Mes_1030x438.jpg","contentUrl":"https:\/\/acbenetusser.com\/rutatapabenetusser\/wp-content\/uploads\/sites\/3\/2023\/11\/Tapa_Vins_i_Mes_1030x438.jpg","width":1030,"height":438,"caption":"Tapa Vins i Mes: Pincho de Morcilla de Orza"},{"@type":"BreadcrumbList","@id":"https:\/\/acbenetusser.com\/rutatapabenetusser\/vins-i-mes\/#breadcrumb","itemListElement":[{"@type":"ListItem","position":1,"name":"Inici","item":"https:\/\/acbenetusser.com\/rutatapabenetusser\/"},{"@type":"ListItem","position":2,"name":"Vins i M\u00e9s"}]},{"@type":"WebSite","@id":"https:\/\/acbenetusser.com\/rutatapabenetusser\/#website","url":"https:\/\/acbenetusser.com\/rutatapabenetusser\/","name":"Ruta de la Tapa de Benet\u00fasser","description":"9\u00aa Edici\u00f3: 2024. Des del 20 fins al 24 de novembre","potentialAction":[{"@type":"SearchAction","target":{"@type":"EntryPoint","urlTemplate":"https:\/\/acbenetusser.com\/rutatapabenetusser\/?s={search_term_string}"},"query-input":{"@type":"PropertyValueSpecification","valueRequired":true,"valueName":"search_term_string"}}],"inLanguage":"ca"},{"@type":"Person","@id":"https:\/\/acbenetusser.com\/rutatapabenetusser\/#\/schema\/person\/d1fa7dae66c90e8b9184255684fcf888","name":"admin","image":{"@type":"ImageObject","inLanguage":"ca","@id":"https:\/\/acbenetusser.com\/rutatapabenetusser\/#\/schema\/person\/image\/","url":"https:\/\/secure.gravatar.com\/avatar\/79081dffb19fe1f58d231053703e903890e584fd10217324f5b0a0fe9eee0994?s=96&d=mm&r=g","contentUrl":"https:\/\/secure.gravatar.com\/avatar\/79081dffb19fe1f58d231053703e903890e584fd10217324f5b0a0fe9eee0994?s=96&d=mm&r=g","caption":"admin"},"sameAs":["https:\/\/acbenetusser.com"],"url":"https:\/\/acbenetusser.com\/rutatapabenetusser\/author\/benetusserchip_2021\/"}]}},"_links":{"self":[{"href":"https:\/\/acbenetusser.com\/rutatapabenetusser\/wp-json\/wp\/v2\/posts\/97","targetHints":{"allow":["GET"]}}],"collection":[{"href":"https:\/\/acbenetusser.com\/rutatapabenetusser\/wp-json\/wp\/v2\/posts"}],"about":[{"href":"https:\/\/acbenetusser.com\/rutatapabenetusser\/wp-json\/wp\/v2\/types\/post"}],"author":[{"embeddable":true,"href":"https:\/\/acbenetusser.com\/rutatapabenetusser\/wp-json\/wp\/v2\/users\/1"}],"replies":[{"embeddable":true,"href":"https:\/\/acbenetusser.com\/rutatapabenetusser\/wp-json\/wp\/v2\/comments?post=97"}],"version-history":[{"count":1,"href":"https:\/\/acbenetusser.com\/rutatapabenetusser\/wp-json\/wp\/v2\/posts\/97\/revisions"}],"predecessor-version":[{"id":99,"href":"https:\/\/acbenetusser.com\/rutatapabenetusser\/wp-json\/wp\/v2\/posts\/97\/revisions\/99"}],"wp:featuredmedia":[{"embeddable":true,"href":"https:\/\/acbenetusser.com\/rutatapabenetusser\/wp-json\/wp\/v2\/media\/98"}],"wp:attachment":[{"href":"https:\/\/acbenetusser.com\/rutatapabenetusser\/wp-json\/wp\/v2\/media?parent=97"}],"wp:term":[{"taxonomy":"category","embeddable":true,"href":"https:\/\/acbenetusser.com\/rutatapabenetusser\/wp-json\/wp\/v2\/categories?post=97"},{"taxonomy":"post_tag","embeddable":true,"href":"https:\/\/acbenetusser.com\/rutatapabenetusser\/wp-json\/wp\/v2\/tags?post=97"}],"curies":[{"name":"wp","href":"https:\/\/api.w.org\/{rel}","templated":true}]}}